{"id":15217,"date":"2026-03-13T08:05:16","date_gmt":"2026-03-13T08:05:16","guid":{"rendered":"https:\/\/lalaiterie81.com\/?p=15217"},"modified":"2026-03-13T08:05:16","modified_gmt":"2026-03-13T08:05:16","slug":"stage-secourisme-et-expression-artistique-du-au-juillet","status":"publish","type":"post","link":"https:\/\/lalaiterie81.com\/index.php\/2026\/03\/13\/stage-secourisme-et-expression-artistique-du-au-juillet\/","title":{"rendered":"Stage Secourisme et expression artistique du   au  juillet."},"content":{"rendered":"<p><strong>Stage Secourisme &amp; Expression Artistique \u2013 Du 6 au 10 Juillet (10-14 ans) <\/strong><strong>Anim\u00e9 par \u00c9milie<\/strong><\/p>\n<p>Offrez \u00e0 vos enfants une semaine <strong>unique et enrichissante<\/strong>, alliant <strong>apprentissages essentiels et cr\u00e9ativit\u00e9<\/strong> ! Ce stage innovant, sp\u00e9cialement con\u00e7u pour les <strong>10-14 ans<\/strong>, propose de d\u00e9couvrir les <strong>gestes de premiers secours<\/strong> tout en explorant l\u2019<strong>expression artistique<\/strong> sous toutes ses formes.<\/p>\n<p>&#x1fa7a; <strong>Au programme :<\/strong><\/p>\n<ul>\n<li><strong>Secourisme<\/strong><\/li>\n<li><strong>Expression artistique<\/strong><\/li>\n<\/ul>\n<p>&#x1f4c5; <strong>Du 6 au 10 juillet<\/strong>, de <strong>10h \u00e0 16h<\/strong> \u2013 Une semaine pour <strong>apprendre, cr\u00e9er et grandir<\/strong>.<br \/>\n&#x1f467;&#x1f9d2; <strong>Pour qui ?<\/strong> Les jeunes de <strong>10 \u00e0 14 ans<\/strong>, curieux et pr\u00eats \u00e0 vivre une aventure <strong>\u00e0 la fois utile et inspirante<\/strong>.<\/p>\n<p>&#x1f4a1; <strong>Pourquoi ce stage ?<\/strong><\/p>\n<ul>\n<li><strong>Acqu\u00e9rir des comp\u00e9tences vitales<\/strong> tout en s\u2019amusant.<\/li>\n<li><strong>D\u00e9velopper sa cr\u00e9ativit\u00e9<\/strong> et son expression personnelle.<\/li>\n<li><strong>Rencontrer d\u2019autres jeunes<\/strong> dans un cadre bienveillant et stimulant.<\/li>\n<\/ul>\n","protected":false},"excerpt":{"rendered":"<p>Stage Secourisme &amp; Expression Artistique \u2013 Du 6 au 10 Juillet (10-14 ans) Anim\u00e9 par \u00c9milie&#8230;<\/p>\n","protected":false},"author":5,"featured_media":15219,"comment_status":"closed","ping_status":"closed","sticky":false,"template":"","format":"standard","meta":{"footnotes":""},"categories":[20],"tags":[],"class_list":["post-15217","post","type-post","status-publish","format-standard","has-post-thumbnail","hentry","category-stages"],"yoast_head":"<!-- This site is optimized with the Yoast SEO plugin v27.1.1 - https:\/\/yoast.com\/product\/yoast-seo-wordpress\/ -->\n<title>Stage Secourisme et expression artistique du  au juillet. - La laiterie<\/title>\n<meta name=\"robots\" content=\"index, follow, max-snippet:-1, max-image-preview:large, max-video-preview:-1\" \/>\n<link rel=\"canonical\" href=\"https:\/\/lalaiterie81.com\/index.php\/2026\/03\/13\/stage-secourisme-et-expression-artistique-du-au-juillet\/\" \/>\n<meta property=\"og:locale\" content=\"fr_FR\" \/>\n<meta property=\"og:type\" content=\"article\" \/>\n<meta property=\"og:title\" content=\"Stage Secourisme et expression artistique du  au juillet. - La laiterie\" \/>\n<meta property=\"og:description\" content=\"Stage Secourisme &amp; Expression Artistique \u2013 Du 6 au 10 Juillet (10-14 ans) Anim\u00e9 par \u00c9milie...\" \/>\n<meta property=\"og:url\" content=\"https:\/\/lalaiterie81.com\/index.php\/2026\/03\/13\/stage-secourisme-et-expression-artistique-du-au-juillet\/\" \/>\n<meta property=\"og:site_name\" content=\"La laiterie\" \/>\n<meta property=\"article:publisher\" content=\"https:\/\/www.facebook.com\/assolalaiterie\" \/>\n<meta property=\"article:published_time\" content=\"2026-03-13T08:05:16+00:00\" \/>\n<meta property=\"og:image\" content=\"https:\/\/lalaiterie81.com\/wp-content\/uploads\/2026\/03\/stage-secourclown.png\" \/>\n\t<meta property=\"og:image:width\" content=\"1587\" \/>\n\t<meta property=\"og:image:height\" content=\"2245\" \/>\n\t<meta property=\"og:image:type\" content=\"image\/png\" \/>\n<meta name=\"author\" content=\"benlautard\" \/>\n<meta name=\"twitter:card\" content=\"summary_large_image\" \/>\n<meta name=\"twitter:label1\" content=\"\u00c9crit par\" \/>\n\t<meta name=\"twitter:data1\" content=\"benlautard\" \/>\n\t<meta name=\"twitter:label2\" content=\"Dur\u00e9e de lecture estim\u00e9e\" \/>\n\t<meta name=\"twitter:data2\" content=\"1 minute\" \/>\n<script type=\"application\/ld+json\" class=\"yoast-schema-graph\">{\"@context\":\"https:\/\/schema.org\",\"@graph\":[{\"@type\":\"Article\",\"@id\":\"https:\/\/lalaiterie81.com\/index.php\/2026\/03\/13\/stage-secourisme-et-expression-artistique-du-au-juillet\/#article\",\"isPartOf\":{\"@id\":\"https:\/\/lalaiterie81.com\/index.php\/2026\/03\/13\/stage-secourisme-et-expression-artistique-du-au-juillet\/\"},\"author\":{\"name\":\"benlautard\",\"@id\":\"https:\/\/lalaiterie81.com\/#\/schema\/person\/2e1707293952870669c1ed0fce4336e6\"},\"headline\":\"Stage Secourisme et expression artistique du au juillet.\",\"datePublished\":\"2026-03-13T08:05:16+00:00\",\"mainEntityOfPage\":{\"@id\":\"https:\/\/lalaiterie81.com\/index.php\/2026\/03\/13\/stage-secourisme-et-expression-artistique-du-au-juillet\/\"},\"wordCount\":148,\"publisher\":{\"@id\":\"https:\/\/lalaiterie81.com\/#organization\"},\"image\":{\"@id\":\"https:\/\/lalaiterie81.com\/index.php\/2026\/03\/13\/stage-secourisme-et-expression-artistique-du-au-juillet\/#primaryimage\"},\"thumbnailUrl\":\"https:\/\/lalaiterie81.com\/wp-content\/uploads\/2026\/03\/stage-secourclown.png\",\"articleSection\":[\"Stages\"],\"inLanguage\":\"fr-FR\"},{\"@type\":\"WebPage\",\"@id\":\"https:\/\/lalaiterie81.com\/index.php\/2026\/03\/13\/stage-secourisme-et-expression-artistique-du-au-juillet\/\",\"url\":\"https:\/\/lalaiterie81.com\/index.php\/2026\/03\/13\/stage-secourisme-et-expression-artistique-du-au-juillet\/\",\"name\":\"Stage Secourisme et expression artistique du au juillet. - La laiterie\",\"isPartOf\":{\"@id\":\"https:\/\/lalaiterie81.com\/#website\"},\"primaryImageOfPage\":{\"@id\":\"https:\/\/lalaiterie81.com\/index.php\/2026\/03\/13\/stage-secourisme-et-expression-artistique-du-au-juillet\/#primaryimage\"},\"image\":{\"@id\":\"https:\/\/lalaiterie81.com\/index.php\/2026\/03\/13\/stage-secourisme-et-expression-artistique-du-au-juillet\/#primaryimage\"},\"thumbnailUrl\":\"https:\/\/lalaiterie81.com\/wp-content\/uploads\/2026\/03\/stage-secourclown.png\",\"datePublished\":\"2026-03-13T08:05:16+00:00\",\"breadcrumb\":{\"@id\":\"https:\/\/lalaiterie81.com\/index.php\/2026\/03\/13\/stage-secourisme-et-expression-artistique-du-au-juillet\/#breadcrumb\"},\"inLanguage\":\"fr-FR\",\"potentialAction\":[{\"@type\":\"ReadAction\",\"target\":[\"https:\/\/lalaiterie81.com\/index.php\/2026\/03\/13\/stage-secourisme-et-expression-artistique-du-au-juillet\/\"]}]},{\"@type\":\"ImageObject\",\"inLanguage\":\"fr-FR\",\"@id\":\"https:\/\/lalaiterie81.com\/index.php\/2026\/03\/13\/stage-secourisme-et-expression-artistique-du-au-juillet\/#primaryimage\",\"url\":\"https:\/\/lalaiterie81.com\/wp-content\/uploads\/2026\/03\/stage-secourclown.png\",\"contentUrl\":\"https:\/\/lalaiterie81.com\/wp-content\/uploads\/2026\/03\/stage-secourclown.png\",\"width\":1587,\"height\":2245},{\"@type\":\"BreadcrumbList\",\"@id\":\"https:\/\/lalaiterie81.com\/index.php\/2026\/03\/13\/stage-secourisme-et-expression-artistique-du-au-juillet\/#breadcrumb\",\"itemListElement\":[{\"@type\":\"ListItem\",\"position\":1,\"name\":\"Accueil\",\"item\":\"https:\/\/lalaiterie81.com\/\"},{\"@type\":\"ListItem\",\"position\":2,\"name\":\"Stage Secourisme et expression artistique du au juillet.\"}]},{\"@type\":\"WebSite\",\"@id\":\"https:\/\/lalaiterie81.com\/#website\",\"url\":\"https:\/\/lalaiterie81.com\/\",\"name\":\"La Laiterie - Fabrique artistique et culturelle\",\"description\":\"Fabrique artistique et culture\",\"publisher\":{\"@id\":\"https:\/\/lalaiterie81.com\/#organization\"},\"potentialAction\":[{\"@type\":\"SearchAction\",\"target\":{\"@type\":\"EntryPoint\",\"urlTemplate\":\"https:\/\/lalaiterie81.com\/?s={search_term_string}\"},\"query-input\":{\"@type\":\"PropertyValueSpecification\",\"valueRequired\":true,\"valueName\":\"search_term_string\"}}],\"inLanguage\":\"fr-FR\"},{\"@type\":\"Organization\",\"@id\":\"https:\/\/lalaiterie81.com\/#organization\",\"name\":\"La Laiterie\",\"url\":\"https:\/\/lalaiterie81.com\/\",\"logo\":{\"@type\":\"ImageObject\",\"inLanguage\":\"fr-FR\",\"@id\":\"https:\/\/lalaiterie81.com\/#\/schema\/logo\/image\/\",\"url\":\"https:\/\/lalaiterie81.com\/wp-content\/uploads\/2022\/11\/LOGO-noir-text.png\",\"contentUrl\":\"https:\/\/lalaiterie81.com\/wp-content\/uploads\/2022\/11\/LOGO-noir-text.png\",\"width\":689,\"height\":666,\"caption\":\"La Laiterie\"},\"image\":{\"@id\":\"https:\/\/lalaiterie81.com\/#\/schema\/logo\/image\/\"},\"sameAs\":[\"https:\/\/www.facebook.com\/assolalaiterie\"]},{\"@type\":\"Person\",\"@id\":\"https:\/\/lalaiterie81.com\/#\/schema\/person\/2e1707293952870669c1ed0fce4336e6\",\"name\":\"benlautard\",\"image\":{\"@type\":\"ImageObject\",\"inLanguage\":\"fr-FR\",\"@id\":\"https:\/\/lalaiterie81.com\/#\/schema\/person\/image\/\",\"url\":\"https:\/\/secure.gravatar.com\/avatar\/cd069d5baace630d0bc6403d1361a0cde08082b64d1edbabe652ef03513e2ec8?s=96&d=mm&r=g\",\"contentUrl\":\"https:\/\/secure.gravatar.com\/avatar\/cd069d5baace630d0bc6403d1361a0cde08082b64d1edbabe652ef03513e2ec8?s=96&d=mm&r=g\",\"caption\":\"benlautard\"},\"url\":\"https:\/\/lalaiterie81.com\/index.php\/author\/benlautard\/\"}]}<\/script>\n<!-- \/ Yoast SEO plugin. -->","yoast_head_json":{"title":"Stage Secourisme et expression artistique du  au juillet. - La laiterie","robots":{"index":"index","follow":"follow","max-snippet":"max-snippet:-1","max-image-preview":"max-image-preview:large","max-video-preview":"max-video-preview:-1"},"canonical":"https:\/\/lalaiterie81.com\/index.php\/2026\/03\/13\/stage-secourisme-et-expression-artistique-du-au-juillet\/","og_locale":"fr_FR","og_type":"article","og_title":"Stage Secourisme et expression artistique du  au juillet. - La laiterie","og_description":"Stage Secourisme &amp; Expression Artistique \u2013 Du 6 au 10 Juillet (10-14 ans) Anim\u00e9 par \u00c9milie...","og_url":"https:\/\/lalaiterie81.com\/index.php\/2026\/03\/13\/stage-secourisme-et-expression-artistique-du-au-juillet\/","og_site_name":"La laiterie","article_publisher":"https:\/\/www.facebook.com\/assolalaiterie","article_published_time":"2026-03-13T08:05:16+00:00","og_image":[{"width":1587,"height":2245,"url":"https:\/\/lalaiterie81.com\/wp-content\/uploads\/2026\/03\/stage-secourclown.png","type":"image\/png"}],"author":"benlautard","twitter_card":"summary_large_image","twitter_misc":{"\u00c9crit par":"benlautard","Dur\u00e9e de lecture estim\u00e9e":"1 minute"},"schema":{"@context":"https:\/\/schema.org","@graph":[{"@type":"Article","@id":"https:\/\/lalaiterie81.com\/index.php\/2026\/03\/13\/stage-secourisme-et-expression-artistique-du-au-juillet\/#article","isPartOf":{"@id":"https:\/\/lalaiterie81.com\/index.php\/2026\/03\/13\/stage-secourisme-et-expression-artistique-du-au-juillet\/"},"author":{"name":"benlautard","@id":"https:\/\/lalaiterie81.com\/#\/schema\/person\/2e1707293952870669c1ed0fce4336e6"},"headline":"Stage Secourisme et expression artistique du au juillet.","datePublished":"2026-03-13T08:05:16+00:00","mainEntityOfPage":{"@id":"https:\/\/lalaiterie81.com\/index.php\/2026\/03\/13\/stage-secourisme-et-expression-artistique-du-au-juillet\/"},"wordCount":148,"publisher":{"@id":"https:\/\/lalaiterie81.com\/#organization"},"image":{"@id":"https:\/\/lalaiterie81.com\/index.php\/2026\/03\/13\/stage-secourisme-et-expression-artistique-du-au-juillet\/#primaryimage"},"thumbnailUrl":"https:\/\/lalaiterie81.com\/wp-content\/uploads\/2026\/03\/stage-secourclown.png","articleSection":["Stages"],"inLanguage":"fr-FR"},{"@type":"WebPage","@id":"https:\/\/lalaiterie81.com\/index.php\/2026\/03\/13\/stage-secourisme-et-expression-artistique-du-au-juillet\/","url":"https:\/\/lalaiterie81.com\/index.php\/2026\/03\/13\/stage-secourisme-et-expression-artistique-du-au-juillet\/","name":"Stage Secourisme et expression artistique du au juillet. - La laiterie","isPartOf":{"@id":"https:\/\/lalaiterie81.com\/#website"},"primaryImageOfPage":{"@id":"https:\/\/lalaiterie81.com\/index.php\/2026\/03\/13\/stage-secourisme-et-expression-artistique-du-au-juillet\/#primaryimage"},"image":{"@id":"https:\/\/lalaiterie81.com\/index.php\/2026\/03\/13\/stage-secourisme-et-expression-artistique-du-au-juillet\/#primaryimage"},"thumbnailUrl":"https:\/\/lalaiterie81.com\/wp-content\/uploads\/2026\/03\/stage-secourclown.png","datePublished":"2026-03-13T08:05:16+00:00","breadcrumb":{"@id":"https:\/\/lalaiterie81.com\/index.php\/2026\/03\/13\/stage-secourisme-et-expression-artistique-du-au-juillet\/#breadcrumb"},"inLanguage":"fr-FR","potentialAction":[{"@type":"ReadAction","target":["https:\/\/lalaiterie81.com\/index.php\/2026\/03\/13\/stage-secourisme-et-expression-artistique-du-au-juillet\/"]}]},{"@type":"ImageObject","inLanguage":"fr-FR","@id":"https:\/\/lalaiterie81.com\/index.php\/2026\/03\/13\/stage-secourisme-et-expression-artistique-du-au-juillet\/#primaryimage","url":"https:\/\/lalaiterie81.com\/wp-content\/uploads\/2026\/03\/stage-secourclown.png","contentUrl":"https:\/\/lalaiterie81.com\/wp-content\/uploads\/2026\/03\/stage-secourclown.png","width":1587,"height":2245},{"@type":"BreadcrumbList","@id":"https:\/\/lalaiterie81.com\/index.php\/2026\/03\/13\/stage-secourisme-et-expression-artistique-du-au-juillet\/#breadcrumb","itemListElement":[{"@type":"ListItem","position":1,"name":"Accueil","item":"https:\/\/lalaiterie81.com\/"},{"@type":"ListItem","position":2,"name":"Stage Secourisme et expression artistique du au juillet."}]},{"@type":"WebSite","@id":"https:\/\/lalaiterie81.com\/#website","url":"https:\/\/lalaiterie81.com\/","name":"La Laiterie - Fabrique artistique et culturelle","description":"Fabrique artistique et culture","publisher":{"@id":"https:\/\/lalaiterie81.com\/#organization"},"potentialAction":[{"@type":"SearchAction","target":{"@type":"EntryPoint","urlTemplate":"https:\/\/lalaiterie81.com\/?s={search_term_string}"},"query-input":{"@type":"PropertyValueSpecification","valueRequired":true,"valueName":"search_term_string"}}],"inLanguage":"fr-FR"},{"@type":"Organization","@id":"https:\/\/lalaiterie81.com\/#organization","name":"La Laiterie","url":"https:\/\/lalaiterie81.com\/","logo":{"@type":"ImageObject","inLanguage":"fr-FR","@id":"https:\/\/lalaiterie81.com\/#\/schema\/logo\/image\/","url":"https:\/\/lalaiterie81.com\/wp-content\/uploads\/2022\/11\/LOGO-noir-text.png","contentUrl":"https:\/\/lalaiterie81.com\/wp-content\/uploads\/2022\/11\/LOGO-noir-text.png","width":689,"height":666,"caption":"La Laiterie"},"image":{"@id":"https:\/\/lalaiterie81.com\/#\/schema\/logo\/image\/"},"sameAs":["https:\/\/www.facebook.com\/assolalaiterie"]},{"@type":"Person","@id":"https:\/\/lalaiterie81.com\/#\/schema\/person\/2e1707293952870669c1ed0fce4336e6","name":"benlautard","image":{"@type":"ImageObject","inLanguage":"fr-FR","@id":"https:\/\/lalaiterie81.com\/#\/schema\/person\/image\/","url":"https:\/\/secure.gravatar.com\/avatar\/cd069d5baace630d0bc6403d1361a0cde08082b64d1edbabe652ef03513e2ec8?s=96&d=mm&r=g","contentUrl":"https:\/\/secure.gravatar.com\/avatar\/cd069d5baace630d0bc6403d1361a0cde08082b64d1edbabe652ef03513e2ec8?s=96&d=mm&r=g","caption":"benlautard"},"url":"https:\/\/lalaiterie81.com\/index.php\/author\/benlautard\/"}]}},"_links":{"self":[{"href":"https:\/\/lalaiterie81.com\/index.php\/wp-json\/wp\/v2\/posts\/15217","targetHints":{"allow":["GET"]}}],"collection":[{"href":"https:\/\/lalaiterie81.com\/index.php\/wp-json\/wp\/v2\/posts"}],"about":[{"href":"https:\/\/lalaiterie81.com\/index.php\/wp-json\/wp\/v2\/types\/post"}],"author":[{"embeddable":true,"href":"https:\/\/lalaiterie81.com\/index.php\/wp-json\/wp\/v2\/users\/5"}],"replies":[{"embeddable":true,"href":"https:\/\/lalaiterie81.com\/index.php\/wp-json\/wp\/v2\/comments?post=15217"}],"version-history":[{"count":1,"href":"https:\/\/lalaiterie81.com\/index.php\/wp-json\/wp\/v2\/posts\/15217\/revisions"}],"predecessor-version":[{"id":15220,"href":"https:\/\/lalaiterie81.com\/index.php\/wp-json\/wp\/v2\/posts\/15217\/revisions\/15220"}],"wp:featuredmedia":[{"embeddable":true,"href":"https:\/\/lalaiterie81.com\/index.php\/wp-json\/wp\/v2\/media\/15219"}],"wp:attachment":[{"href":"https:\/\/lalaiterie81.com\/index.php\/wp-json\/wp\/v2\/media?parent=15217"}],"wp:term":[{"taxonomy":"category","embeddable":true,"href":"https:\/\/lalaiterie81.com\/index.php\/wp-json\/wp\/v2\/categories?post=15217"},{"taxonomy":"post_tag","embeddable":true,"href":"https:\/\/lalaiterie81.com\/index.php\/wp-json\/wp\/v2\/tags?post=15217"}],"curies":[{"name":"wp","href":"https:\/\/api.w.org\/{rel}","templated":true}]}}