{"id":15207,"date":"2026-03-13T08:00:52","date_gmt":"2026-03-13T08:00:52","guid":{"rendered":"https:\/\/lalaiterie81.com\/?p=15207"},"modified":"2026-03-13T08:00:52","modified_gmt":"2026-03-13T08:00:52","slug":"sortie-de-residence-selini-solo-musique-et-theatre-jeudi-30-avril-a-19h","status":"publish","type":"post","link":"https:\/\/lalaiterie81.com\/index.php\/2026\/03\/13\/sortie-de-residence-selini-solo-musique-et-theatre-jeudi-30-avril-a-19h\/","title":{"rendered":"Sortie de R\u00e9sidence : Selini \u2013 Solo Musique et Th\u00e9\u00e2tre Jeudi 30 Avril \u00e0 19h"},"content":{"rendered":"<p>Plongez dans l\u2019univers <strong>intime et envo\u00fbtant<\/strong> de <strong>Selini<\/strong>, un solo o\u00f9 <strong>musique et th\u00e9\u00e2tre<\/strong> se rencontrent pour raconter une histoire \u00e0 la fois personnelle et universelle. Apr\u00e8s une r\u00e9sidence de cr\u00e9ation, l\u2019artiste vous ouvre les portes de son processus, offrant une performance <strong>brute et sinc\u00e8re<\/strong>, entre m\u00e9lodies captivantes et r\u00e9cits po\u00e9tiques.<\/p>\n<p>&#x1f3b6; <strong>Un voyage artistique<\/strong> : Selini explore les <strong>\u00e9motions, les souvenirs et les r\u00eaves<\/strong>, en m\u00ealant compositions originales, jeux sc\u00e9niques et une pr\u00e9sence magn\u00e9tique. Chaque note, chaque geste devient une invitation \u00e0 la r\u00e9flexion et \u00e0 l\u2019\u00e9vasion.<\/p>\n<p>&#x1f4c5; <strong>Rendez-vous le jeudi 30 avril \u00e0 19h<\/strong> pour d\u00e9couvrir ce travail en devenir, o\u00f9 l\u2019artiste partage avec vous les <strong>premi\u00e8res esquisses d\u2019un spectacle en gestation<\/strong>.<\/p>\n<p>&#x1f4a1; <strong>Une exp\u00e9rience unique<\/strong> : Assistez \u00e0 la naissance d\u2019une cr\u00e9ation, o\u00f9 la vuln\u00e9rabilit\u00e9 et la force se c\u00f4toient pour donner vie \u00e0 un moment <strong>rare et authentique<\/strong>.<\/p>\n","protected":false},"excerpt":{"rendered":"<p>Plongez dans l\u2019univers intime et envo\u00fbtant de Selini, un solo o\u00f9 musique et th\u00e9\u00e2tre se rencontrent&#8230;<\/p>\n","protected":false},"author":5,"featured_media":15208,"comment_status":"closed","ping_status":"closed","sticky":false,"template":"","format":"standard","meta":{"footnotes":""},"categories":[1,21],"tags":[],"class_list":["post-15207","post","type-post","status-publish","format-standard","has-post-thumbnail","hentry","category-actus","category-residence"],"yoast_head":"<!-- This site is optimized with the Yoast SEO plugin v27.1.1 - https:\/\/yoast.com\/product\/yoast-seo-wordpress\/ -->\n<title>Sortie de R\u00e9sidence : Selini \u2013 Solo Musique et Th\u00e9\u00e2tre Jeudi 30 Avril \u00e0 19h - La laiterie<\/title>\n<meta name=\"robots\" content=\"index, follow, max-snippet:-1, max-image-preview:large, max-video-preview:-1\" \/>\n<link rel=\"canonical\" href=\"https:\/\/lalaiterie81.com\/index.php\/2026\/03\/13\/sortie-de-residence-selini-solo-musique-et-theatre-jeudi-30-avril-a-19h\/\" \/>\n<meta property=\"og:locale\" content=\"fr_FR\" \/>\n<meta property=\"og:type\" content=\"article\" \/>\n<meta property=\"og:title\" content=\"Sortie de R\u00e9sidence : Selini \u2013 Solo Musique et Th\u00e9\u00e2tre Jeudi 30 Avril \u00e0 19h - La laiterie\" \/>\n<meta property=\"og:description\" content=\"Plongez dans l\u2019univers intime et envo\u00fbtant de Selini, un solo o\u00f9 musique et th\u00e9\u00e2tre se rencontrent...\" \/>\n<meta property=\"og:url\" content=\"https:\/\/lalaiterie81.com\/index.php\/2026\/03\/13\/sortie-de-residence-selini-solo-musique-et-theatre-jeudi-30-avril-a-19h\/\" \/>\n<meta property=\"og:site_name\" content=\"La laiterie\" \/>\n<meta property=\"article:publisher\" content=\"https:\/\/www.facebook.com\/assolalaiterie\" \/>\n<meta property=\"article:published_time\" content=\"2026-03-13T08:00:52+00:00\" \/>\n<meta property=\"og:image\" content=\"https:\/\/lalaiterie81.com\/wp-content\/uploads\/2026\/03\/selini.jpg\" \/>\n\t<meta property=\"og:image:width\" content=\"638\" \/>\n\t<meta property=\"og:image:height\" content=\"638\" \/>\n\t<meta property=\"og:image:type\" content=\"image\/jpeg\" \/>\n<meta name=\"author\" content=\"benlautard\" \/>\n<meta name=\"twitter:card\" content=\"summary_large_image\" \/>\n<meta name=\"twitter:label1\" content=\"\u00c9crit par\" \/>\n\t<meta name=\"twitter:data1\" content=\"benlautard\" \/>\n\t<meta name=\"twitter:label2\" content=\"Dur\u00e9e de lecture estim\u00e9e\" \/>\n\t<meta name=\"twitter:data2\" content=\"1 minute\" \/>\n<script type=\"application\/ld+json\" class=\"yoast-schema-graph\">{\"@context\":\"https:\/\/schema.org\",\"@graph\":[{\"@type\":\"Article\",\"@id\":\"https:\/\/lalaiterie81.com\/index.php\/2026\/03\/13\/sortie-de-residence-selini-solo-musique-et-theatre-jeudi-30-avril-a-19h\/#article\",\"isPartOf\":{\"@id\":\"https:\/\/lalaiterie81.com\/index.php\/2026\/03\/13\/sortie-de-residence-selini-solo-musique-et-theatre-jeudi-30-avril-a-19h\/\"},\"author\":{\"name\":\"benlautard\",\"@id\":\"https:\/\/lalaiterie81.com\/#\/schema\/person\/2e1707293952870669c1ed0fce4336e6\"},\"headline\":\"Sortie de R\u00e9sidence : Selini \u2013 Solo Musique et Th\u00e9\u00e2tre Jeudi 30 Avril \u00e0 19h\",\"datePublished\":\"2026-03-13T08:00:52+00:00\",\"mainEntityOfPage\":{\"@id\":\"https:\/\/lalaiterie81.com\/index.php\/2026\/03\/13\/sortie-de-residence-selini-solo-musique-et-theatre-jeudi-30-avril-a-19h\/\"},\"wordCount\":179,\"publisher\":{\"@id\":\"https:\/\/lalaiterie81.com\/#organization\"},\"image\":{\"@id\":\"https:\/\/lalaiterie81.com\/index.php\/2026\/03\/13\/sortie-de-residence-selini-solo-musique-et-theatre-jeudi-30-avril-a-19h\/#primaryimage\"},\"thumbnailUrl\":\"https:\/\/lalaiterie81.com\/wp-content\/uploads\/2026\/03\/selini.jpg\",\"articleSection\":[\"Actualit\u00e9s\",\"Sortie de r\u00e9sidence\"],\"inLanguage\":\"fr-FR\"},{\"@type\":\"WebPage\",\"@id\":\"https:\/\/lalaiterie81.com\/index.php\/2026\/03\/13\/sortie-de-residence-selini-solo-musique-et-theatre-jeudi-30-avril-a-19h\/\",\"url\":\"https:\/\/lalaiterie81.com\/index.php\/2026\/03\/13\/sortie-de-residence-selini-solo-musique-et-theatre-jeudi-30-avril-a-19h\/\",\"name\":\"Sortie de R\u00e9sidence : Selini \u2013 Solo Musique et Th\u00e9\u00e2tre Jeudi 30 Avril \u00e0 19h - La laiterie\",\"isPartOf\":{\"@id\":\"https:\/\/lalaiterie81.com\/#website\"},\"primaryImageOfPage\":{\"@id\":\"https:\/\/lalaiterie81.com\/index.php\/2026\/03\/13\/sortie-de-residence-selini-solo-musique-et-theatre-jeudi-30-avril-a-19h\/#primaryimage\"},\"image\":{\"@id\":\"https:\/\/lalaiterie81.com\/index.php\/2026\/03\/13\/sortie-de-residence-selini-solo-musique-et-theatre-jeudi-30-avril-a-19h\/#primaryimage\"},\"thumbnailUrl\":\"https:\/\/lalaiterie81.com\/wp-content\/uploads\/2026\/03\/selini.jpg\",\"datePublished\":\"2026-03-13T08:00:52+00:00\",\"breadcrumb\":{\"@id\":\"https:\/\/lalaiterie81.com\/index.php\/2026\/03\/13\/sortie-de-residence-selini-solo-musique-et-theatre-jeudi-30-avril-a-19h\/#breadcrumb\"},\"inLanguage\":\"fr-FR\",\"potentialAction\":[{\"@type\":\"ReadAction\",\"target\":[\"https:\/\/lalaiterie81.com\/index.php\/2026\/03\/13\/sortie-de-residence-selini-solo-musique-et-theatre-jeudi-30-avril-a-19h\/\"]}]},{\"@type\":\"ImageObject\",\"inLanguage\":\"fr-FR\",\"@id\":\"https:\/\/lalaiterie81.com\/index.php\/2026\/03\/13\/sortie-de-residence-selini-solo-musique-et-theatre-jeudi-30-avril-a-19h\/#primaryimage\",\"url\":\"https:\/\/lalaiterie81.com\/wp-content\/uploads\/2026\/03\/selini.jpg\",\"contentUrl\":\"https:\/\/lalaiterie81.com\/wp-content\/uploads\/2026\/03\/selini.jpg\",\"width\":638,\"height\":638},{\"@type\":\"BreadcrumbList\",\"@id\":\"https:\/\/lalaiterie81.com\/index.php\/2026\/03\/13\/sortie-de-residence-selini-solo-musique-et-theatre-jeudi-30-avril-a-19h\/#breadcrumb\",\"itemListElement\":[{\"@type\":\"ListItem\",\"position\":1,\"name\":\"Accueil\",\"item\":\"https:\/\/lalaiterie81.com\/\"},{\"@type\":\"ListItem\",\"position\":2,\"name\":\"Sortie de R\u00e9sidence : Selini \u2013 Solo Musique et Th\u00e9\u00e2tre Jeudi 30 Avril \u00e0 19h\"}]},{\"@type\":\"WebSite\",\"@id\":\"https:\/\/lalaiterie81.com\/#website\",\"url\":\"https:\/\/lalaiterie81.com\/\",\"name\":\"La Laiterie - Fabrique artistique et culturelle\",\"description\":\"Fabrique artistique et culture\",\"publisher\":{\"@id\":\"https:\/\/lalaiterie81.com\/#organization\"},\"potentialAction\":[{\"@type\":\"SearchAction\",\"target\":{\"@type\":\"EntryPoint\",\"urlTemplate\":\"https:\/\/lalaiterie81.com\/?s={search_term_string}\"},\"query-input\":{\"@type\":\"PropertyValueSpecification\",\"valueRequired\":true,\"valueName\":\"search_term_string\"}}],\"inLanguage\":\"fr-FR\"},{\"@type\":\"Organization\",\"@id\":\"https:\/\/lalaiterie81.com\/#organization\",\"name\":\"La Laiterie\",\"url\":\"https:\/\/lalaiterie81.com\/\",\"logo\":{\"@type\":\"ImageObject\",\"inLanguage\":\"fr-FR\",\"@id\":\"https:\/\/lalaiterie81.com\/#\/schema\/logo\/image\/\",\"url\":\"https:\/\/lalaiterie81.com\/wp-content\/uploads\/2022\/11\/LOGO-noir-text.png\",\"contentUrl\":\"https:\/\/lalaiterie81.com\/wp-content\/uploads\/2022\/11\/LOGO-noir-text.png\",\"width\":689,\"height\":666,\"caption\":\"La Laiterie\"},\"image\":{\"@id\":\"https:\/\/lalaiterie81.com\/#\/schema\/logo\/image\/\"},\"sameAs\":[\"https:\/\/www.facebook.com\/assolalaiterie\"]},{\"@type\":\"Person\",\"@id\":\"https:\/\/lalaiterie81.com\/#\/schema\/person\/2e1707293952870669c1ed0fce4336e6\",\"name\":\"benlautard\",\"image\":{\"@type\":\"ImageObject\",\"inLanguage\":\"fr-FR\",\"@id\":\"https:\/\/lalaiterie81.com\/#\/schema\/person\/image\/\",\"url\":\"https:\/\/secure.gravatar.com\/avatar\/cd069d5baace630d0bc6403d1361a0cde08082b64d1edbabe652ef03513e2ec8?s=96&d=mm&r=g\",\"contentUrl\":\"https:\/\/secure.gravatar.com\/avatar\/cd069d5baace630d0bc6403d1361a0cde08082b64d1edbabe652ef03513e2ec8?s=96&d=mm&r=g\",\"caption\":\"benlautard\"},\"url\":\"https:\/\/lalaiterie81.com\/index.php\/author\/benlautard\/\"}]}<\/script>\n<!-- \/ Yoast SEO plugin. -->","yoast_head_json":{"title":"Sortie de R\u00e9sidence : Selini \u2013 Solo Musique et Th\u00e9\u00e2tre Jeudi 30 Avril \u00e0 19h - La laiterie","robots":{"index":"index","follow":"follow","max-snippet":"max-snippet:-1","max-image-preview":"max-image-preview:large","max-video-preview":"max-video-preview:-1"},"canonical":"https:\/\/lalaiterie81.com\/index.php\/2026\/03\/13\/sortie-de-residence-selini-solo-musique-et-theatre-jeudi-30-avril-a-19h\/","og_locale":"fr_FR","og_type":"article","og_title":"Sortie de R\u00e9sidence : Selini \u2013 Solo Musique et Th\u00e9\u00e2tre Jeudi 30 Avril \u00e0 19h - La laiterie","og_description":"Plongez dans l\u2019univers intime et envo\u00fbtant de Selini, un solo o\u00f9 musique et th\u00e9\u00e2tre se rencontrent...","og_url":"https:\/\/lalaiterie81.com\/index.php\/2026\/03\/13\/sortie-de-residence-selini-solo-musique-et-theatre-jeudi-30-avril-a-19h\/","og_site_name":"La laiterie","article_publisher":"https:\/\/www.facebook.com\/assolalaiterie","article_published_time":"2026-03-13T08:00:52+00:00","og_image":[{"width":638,"height":638,"url":"https:\/\/lalaiterie81.com\/wp-content\/uploads\/2026\/03\/selini.jpg","type":"image\/jpeg"}],"author":"benlautard","twitter_card":"summary_large_image","twitter_misc":{"\u00c9crit par":"benlautard","Dur\u00e9e de lecture estim\u00e9e":"1 minute"},"schema":{"@context":"https:\/\/schema.org","@graph":[{"@type":"Article","@id":"https:\/\/lalaiterie81.com\/index.php\/2026\/03\/13\/sortie-de-residence-selini-solo-musique-et-theatre-jeudi-30-avril-a-19h\/#article","isPartOf":{"@id":"https:\/\/lalaiterie81.com\/index.php\/2026\/03\/13\/sortie-de-residence-selini-solo-musique-et-theatre-jeudi-30-avril-a-19h\/"},"author":{"name":"benlautard","@id":"https:\/\/lalaiterie81.com\/#\/schema\/person\/2e1707293952870669c1ed0fce4336e6"},"headline":"Sortie de R\u00e9sidence : Selini \u2013 Solo Musique et Th\u00e9\u00e2tre Jeudi 30 Avril \u00e0 19h","datePublished":"2026-03-13T08:00:52+00:00","mainEntityOfPage":{"@id":"https:\/\/lalaiterie81.com\/index.php\/2026\/03\/13\/sortie-de-residence-selini-solo-musique-et-theatre-jeudi-30-avril-a-19h\/"},"wordCount":179,"publisher":{"@id":"https:\/\/lalaiterie81.com\/#organization"},"image":{"@id":"https:\/\/lalaiterie81.com\/index.php\/2026\/03\/13\/sortie-de-residence-selini-solo-musique-et-theatre-jeudi-30-avril-a-19h\/#primaryimage"},"thumbnailUrl":"https:\/\/lalaiterie81.com\/wp-content\/uploads\/2026\/03\/selini.jpg","articleSection":["Actualit\u00e9s","Sortie de r\u00e9sidence"],"inLanguage":"fr-FR"},{"@type":"WebPage","@id":"https:\/\/lalaiterie81.com\/index.php\/2026\/03\/13\/sortie-de-residence-selini-solo-musique-et-theatre-jeudi-30-avril-a-19h\/","url":"https:\/\/lalaiterie81.com\/index.php\/2026\/03\/13\/sortie-de-residence-selini-solo-musique-et-theatre-jeudi-30-avril-a-19h\/","name":"Sortie de R\u00e9sidence : Selini \u2013 Solo Musique et Th\u00e9\u00e2tre Jeudi 30 Avril \u00e0 19h - La laiterie","isPartOf":{"@id":"https:\/\/lalaiterie81.com\/#website"},"primaryImageOfPage":{"@id":"https:\/\/lalaiterie81.com\/index.php\/2026\/03\/13\/sortie-de-residence-selini-solo-musique-et-theatre-jeudi-30-avril-a-19h\/#primaryimage"},"image":{"@id":"https:\/\/lalaiterie81.com\/index.php\/2026\/03\/13\/sortie-de-residence-selini-solo-musique-et-theatre-jeudi-30-avril-a-19h\/#primaryimage"},"thumbnailUrl":"https:\/\/lalaiterie81.com\/wp-content\/uploads\/2026\/03\/selini.jpg","datePublished":"2026-03-13T08:00:52+00:00","breadcrumb":{"@id":"https:\/\/lalaiterie81.com\/index.php\/2026\/03\/13\/sortie-de-residence-selini-solo-musique-et-theatre-jeudi-30-avril-a-19h\/#breadcrumb"},"inLanguage":"fr-FR","potentialAction":[{"@type":"ReadAction","target":["https:\/\/lalaiterie81.com\/index.php\/2026\/03\/13\/sortie-de-residence-selini-solo-musique-et-theatre-jeudi-30-avril-a-19h\/"]}]},{"@type":"ImageObject","inLanguage":"fr-FR","@id":"https:\/\/lalaiterie81.com\/index.php\/2026\/03\/13\/sortie-de-residence-selini-solo-musique-et-theatre-jeudi-30-avril-a-19h\/#primaryimage","url":"https:\/\/lalaiterie81.com\/wp-content\/uploads\/2026\/03\/selini.jpg","contentUrl":"https:\/\/lalaiterie81.com\/wp-content\/uploads\/2026\/03\/selini.jpg","width":638,"height":638},{"@type":"BreadcrumbList","@id":"https:\/\/lalaiterie81.com\/index.php\/2026\/03\/13\/sortie-de-residence-selini-solo-musique-et-theatre-jeudi-30-avril-a-19h\/#breadcrumb","itemListElement":[{"@type":"ListItem","position":1,"name":"Accueil","item":"https:\/\/lalaiterie81.com\/"},{"@type":"ListItem","position":2,"name":"Sortie de R\u00e9sidence : Selini \u2013 Solo Musique et Th\u00e9\u00e2tre Jeudi 30 Avril \u00e0 19h"}]},{"@type":"WebSite","@id":"https:\/\/lalaiterie81.com\/#website","url":"https:\/\/lalaiterie81.com\/","name":"La Laiterie - Fabrique artistique et culturelle","description":"Fabrique artistique et culture","publisher":{"@id":"https:\/\/lalaiterie81.com\/#organization"},"potentialAction":[{"@type":"SearchAction","target":{"@type":"EntryPoint","urlTemplate":"https:\/\/lalaiterie81.com\/?s={search_term_string}"},"query-input":{"@type":"PropertyValueSpecification","valueRequired":true,"valueName":"search_term_string"}}],"inLanguage":"fr-FR"},{"@type":"Organization","@id":"https:\/\/lalaiterie81.com\/#organization","name":"La Laiterie","url":"https:\/\/lalaiterie81.com\/","logo":{"@type":"ImageObject","inLanguage":"fr-FR","@id":"https:\/\/lalaiterie81.com\/#\/schema\/logo\/image\/","url":"https:\/\/lalaiterie81.com\/wp-content\/uploads\/2022\/11\/LOGO-noir-text.png","contentUrl":"https:\/\/lalaiterie81.com\/wp-content\/uploads\/2022\/11\/LOGO-noir-text.png","width":689,"height":666,"caption":"La Laiterie"},"image":{"@id":"https:\/\/lalaiterie81.com\/#\/schema\/logo\/image\/"},"sameAs":["https:\/\/www.facebook.com\/assolalaiterie"]},{"@type":"Person","@id":"https:\/\/lalaiterie81.com\/#\/schema\/person\/2e1707293952870669c1ed0fce4336e6","name":"benlautard","image":{"@type":"ImageObject","inLanguage":"fr-FR","@id":"https:\/\/lalaiterie81.com\/#\/schema\/person\/image\/","url":"https:\/\/secure.gravatar.com\/avatar\/cd069d5baace630d0bc6403d1361a0cde08082b64d1edbabe652ef03513e2ec8?s=96&d=mm&r=g","contentUrl":"https:\/\/secure.gravatar.com\/avatar\/cd069d5baace630d0bc6403d1361a0cde08082b64d1edbabe652ef03513e2ec8?s=96&d=mm&r=g","caption":"benlautard"},"url":"https:\/\/lalaiterie81.com\/index.php\/author\/benlautard\/"}]}},"_links":{"self":[{"href":"https:\/\/lalaiterie81.com\/index.php\/wp-json\/wp\/v2\/posts\/15207","targetHints":{"allow":["GET"]}}],"collection":[{"href":"https:\/\/lalaiterie81.com\/index.php\/wp-json\/wp\/v2\/posts"}],"about":[{"href":"https:\/\/lalaiterie81.com\/index.php\/wp-json\/wp\/v2\/types\/post"}],"author":[{"embeddable":true,"href":"https:\/\/lalaiterie81.com\/index.php\/wp-json\/wp\/v2\/users\/5"}],"replies":[{"embeddable":true,"href":"https:\/\/lalaiterie81.com\/index.php\/wp-json\/wp\/v2\/comments?post=15207"}],"version-history":[{"count":1,"href":"https:\/\/lalaiterie81.com\/index.php\/wp-json\/wp\/v2\/posts\/15207\/revisions"}],"predecessor-version":[{"id":15210,"href":"https:\/\/lalaiterie81.com\/index.php\/wp-json\/wp\/v2\/posts\/15207\/revisions\/15210"}],"wp:featuredmedia":[{"embeddable":true,"href":"https:\/\/lalaiterie81.com\/index.php\/wp-json\/wp\/v2\/media\/15208"}],"wp:attachment":[{"href":"https:\/\/lalaiterie81.com\/index.php\/wp-json\/wp\/v2\/media?parent=15207"}],"wp:term":[{"taxonomy":"category","embeddable":true,"href":"https:\/\/lalaiterie81.com\/index.php\/wp-json\/wp\/v2\/categories?post=15207"},{"taxonomy":"post_tag","embeddable":true,"href":"https:\/\/lalaiterie81.com\/index.php\/wp-json\/wp\/v2\/tags?post=15207"}],"curies":[{"name":"wp","href":"https:\/\/api.w.org\/{rel}","templated":true}]}}