{"id":15198,"date":"2026-03-13T07:56:30","date_gmt":"2026-03-13T07:56:30","guid":{"rendered":"https:\/\/lalaiterie81.com\/?p=15198"},"modified":"2026-03-13T07:56:51","modified_gmt":"2026-03-13T07:56:51","slug":"apple-fizz-trio-vocal-theatral-et-fruitier-le-vendredi-3-avril","status":"publish","type":"post","link":"https:\/\/lalaiterie81.com\/index.php\/2026\/03\/13\/apple-fizz-trio-vocal-theatral-et-fruitier-le-vendredi-3-avril\/","title":{"rendered":"Apple Fizz trio vocal-th\u00e9\u00e2tral et Fruitier le vendredi 3 avril"},"content":{"rendered":"<p><strong>Apple Fizz : Un Trio Vocal-Th\u00e9\u00e2tral et Fruitier le vendredi 3 avril \u00e0 19h \u2013 Prix Libre<\/strong><\/p>\n<p>Plongez dans l\u2019univers envo\u00fbtant d\u2019<strong>Apple Fizz<\/strong>, un trio vocal-th\u00e9\u00e2tral aussi rafra\u00eechissant qu\u2019un cocktail estival ! M\u00e9langeant avec audace <strong>chants polyphoniques, th\u00e9\u00e2tre et une touche de folie fruiti\u00e8re<\/strong>, ces trois artistes vous promettent une soir\u00e9e p\u00e9tillante, o\u00f9 chaque note est une bulle de surprise et chaque mot une explosion de saveurs.<\/p>\n<p>&#x1f34f; <strong>Au programme<\/strong> : Des m\u00e9lodies entra\u00eenantes, des textes savoureux et une \u00e9nergie contagieuse qui transformera la sc\u00e8ne en un v\u00e9ritable jardin gourmand. Laissez-vous emporter par leur alchimie unique, o\u00f9 la musique et le th\u00e9\u00e2tre se rencontrent pour cr\u00e9er un spectacle <strong>inattendu et juteux<\/strong> !<\/p>\n<p>&#x1f4c5; <strong>Rendez-vous \u00e0 19h<\/strong> \u2013 Une exp\u00e9rience artistique \u00e0 d\u00e9guster sans mod\u00e9ration.<br \/>\n&#x1f4b0; <strong>Prix libre<\/strong> : Parce que l\u2019art, comme un bon fruit, doit \u00eatre accessible \u00e0 tous.<\/p>\n<p>Ne manquez pas ce moment <strong>croquant<\/strong> et <strong>p\u00e9tillant<\/strong> \u2013 Apple Fizz vous attend pour une soir\u00e9e haute en couleurs et en saveurs !<\/p>\n","protected":false},"excerpt":{"rendered":"<p>Apple Fizz : Un Trio Vocal-Th\u00e9\u00e2tral et Fruitier le vendredi 3 avril \u00e0 19h \u2013 Prix&#8230;<\/p>\n","protected":false},"author":5,"featured_media":15199,"comment_status":"closed","ping_status":"closed","sticky":false,"template":"","format":"standard","meta":{"footnotes":""},"categories":[1],"tags":[],"class_list":["post-15198","post","type-post","status-publish","format-standard","has-post-thumbnail","hentry","category-actus"],"yoast_head":"<!-- This site is optimized with the Yoast SEO plugin v27.1.1 - https:\/\/yoast.com\/product\/yoast-seo-wordpress\/ -->\n<title>Apple Fizz trio vocal-th\u00e9\u00e2tral et Fruitier le vendredi 3 avril - La laiterie<\/title>\n<meta name=\"robots\" content=\"index, follow, max-snippet:-1, max-image-preview:large, max-video-preview:-1\" \/>\n<link rel=\"canonical\" href=\"https:\/\/lalaiterie81.com\/index.php\/2026\/03\/13\/apple-fizz-trio-vocal-theatral-et-fruitier-le-vendredi-3-avril\/\" \/>\n<meta property=\"og:locale\" content=\"fr_FR\" \/>\n<meta property=\"og:type\" content=\"article\" \/>\n<meta property=\"og:title\" content=\"Apple Fizz trio vocal-th\u00e9\u00e2tral et Fruitier le vendredi 3 avril - La laiterie\" \/>\n<meta property=\"og:description\" content=\"Apple Fizz : Un Trio Vocal-Th\u00e9\u00e2tral et Fruitier le vendredi 3 avril \u00e0 19h \u2013 Prix...\" \/>\n<meta property=\"og:url\" content=\"https:\/\/lalaiterie81.com\/index.php\/2026\/03\/13\/apple-fizz-trio-vocal-theatral-et-fruitier-le-vendredi-3-avril\/\" \/>\n<meta property=\"og:site_name\" content=\"La laiterie\" \/>\n<meta property=\"article:publisher\" content=\"https:\/\/www.facebook.com\/assolalaiterie\" \/>\n<meta property=\"article:published_time\" content=\"2026-03-13T07:56:30+00:00\" \/>\n<meta property=\"article:modified_time\" content=\"2026-03-13T07:56:51+00:00\" \/>\n<meta property=\"og:image\" content=\"https:\/\/lalaiterie81.com\/wp-content\/uploads\/2026\/03\/Apple-Fizz-11.jpg\" \/>\n\t<meta property=\"og:image:width\" content=\"2048\" \/>\n\t<meta property=\"og:image:height\" content=\"1871\" \/>\n\t<meta property=\"og:image:type\" content=\"image\/jpeg\" \/>\n<meta name=\"author\" content=\"benlautard\" \/>\n<meta name=\"twitter:card\" content=\"summary_large_image\" \/>\n<meta name=\"twitter:label1\" content=\"\u00c9crit par\" \/>\n\t<meta name=\"twitter:data1\" content=\"benlautard\" \/>\n\t<meta name=\"twitter:label2\" content=\"Dur\u00e9e de lecture estim\u00e9e\" \/>\n\t<meta name=\"twitter:data2\" content=\"1 minute\" \/>\n<script type=\"application\/ld+json\" class=\"yoast-schema-graph\">{\"@context\":\"https:\/\/schema.org\",\"@graph\":[{\"@type\":\"Article\",\"@id\":\"https:\/\/lalaiterie81.com\/index.php\/2026\/03\/13\/apple-fizz-trio-vocal-theatral-et-fruitier-le-vendredi-3-avril\/#article\",\"isPartOf\":{\"@id\":\"https:\/\/lalaiterie81.com\/index.php\/2026\/03\/13\/apple-fizz-trio-vocal-theatral-et-fruitier-le-vendredi-3-avril\/\"},\"author\":{\"name\":\"benlautard\",\"@id\":\"https:\/\/lalaiterie81.com\/#\/schema\/person\/2e1707293952870669c1ed0fce4336e6\"},\"headline\":\"Apple Fizz trio vocal-th\u00e9\u00e2tral et Fruitier le vendredi 3 avril\",\"datePublished\":\"2026-03-13T07:56:30+00:00\",\"dateModified\":\"2026-03-13T07:56:51+00:00\",\"mainEntityOfPage\":{\"@id\":\"https:\/\/lalaiterie81.com\/index.php\/2026\/03\/13\/apple-fizz-trio-vocal-theatral-et-fruitier-le-vendredi-3-avril\/\"},\"wordCount\":189,\"publisher\":{\"@id\":\"https:\/\/lalaiterie81.com\/#organization\"},\"image\":{\"@id\":\"https:\/\/lalaiterie81.com\/index.php\/2026\/03\/13\/apple-fizz-trio-vocal-theatral-et-fruitier-le-vendredi-3-avril\/#primaryimage\"},\"thumbnailUrl\":\"https:\/\/lalaiterie81.com\/wp-content\/uploads\/2026\/03\/Apple-Fizz-11.jpg\",\"articleSection\":[\"Actualit\u00e9s\"],\"inLanguage\":\"fr-FR\"},{\"@type\":\"WebPage\",\"@id\":\"https:\/\/lalaiterie81.com\/index.php\/2026\/03\/13\/apple-fizz-trio-vocal-theatral-et-fruitier-le-vendredi-3-avril\/\",\"url\":\"https:\/\/lalaiterie81.com\/index.php\/2026\/03\/13\/apple-fizz-trio-vocal-theatral-et-fruitier-le-vendredi-3-avril\/\",\"name\":\"Apple Fizz trio vocal-th\u00e9\u00e2tral et Fruitier le vendredi 3 avril - La laiterie\",\"isPartOf\":{\"@id\":\"https:\/\/lalaiterie81.com\/#website\"},\"primaryImageOfPage\":{\"@id\":\"https:\/\/lalaiterie81.com\/index.php\/2026\/03\/13\/apple-fizz-trio-vocal-theatral-et-fruitier-le-vendredi-3-avril\/#primaryimage\"},\"image\":{\"@id\":\"https:\/\/lalaiterie81.com\/index.php\/2026\/03\/13\/apple-fizz-trio-vocal-theatral-et-fruitier-le-vendredi-3-avril\/#primaryimage\"},\"thumbnailUrl\":\"https:\/\/lalaiterie81.com\/wp-content\/uploads\/2026\/03\/Apple-Fizz-11.jpg\",\"datePublished\":\"2026-03-13T07:56:30+00:00\",\"dateModified\":\"2026-03-13T07:56:51+00:00\",\"breadcrumb\":{\"@id\":\"https:\/\/lalaiterie81.com\/index.php\/2026\/03\/13\/apple-fizz-trio-vocal-theatral-et-fruitier-le-vendredi-3-avril\/#breadcrumb\"},\"inLanguage\":\"fr-FR\",\"potentialAction\":[{\"@type\":\"ReadAction\",\"target\":[\"https:\/\/lalaiterie81.com\/index.php\/2026\/03\/13\/apple-fizz-trio-vocal-theatral-et-fruitier-le-vendredi-3-avril\/\"]}]},{\"@type\":\"ImageObject\",\"inLanguage\":\"fr-FR\",\"@id\":\"https:\/\/lalaiterie81.com\/index.php\/2026\/03\/13\/apple-fizz-trio-vocal-theatral-et-fruitier-le-vendredi-3-avril\/#primaryimage\",\"url\":\"https:\/\/lalaiterie81.com\/wp-content\/uploads\/2026\/03\/Apple-Fizz-11.jpg\",\"contentUrl\":\"https:\/\/lalaiterie81.com\/wp-content\/uploads\/2026\/03\/Apple-Fizz-11.jpg\",\"width\":2048,\"height\":1871},{\"@type\":\"BreadcrumbList\",\"@id\":\"https:\/\/lalaiterie81.com\/index.php\/2026\/03\/13\/apple-fizz-trio-vocal-theatral-et-fruitier-le-vendredi-3-avril\/#breadcrumb\",\"itemListElement\":[{\"@type\":\"ListItem\",\"position\":1,\"name\":\"Accueil\",\"item\":\"https:\/\/lalaiterie81.com\/\"},{\"@type\":\"ListItem\",\"position\":2,\"name\":\"Apple Fizz trio vocal-th\u00e9\u00e2tral et Fruitier le vendredi 3 avril\"}]},{\"@type\":\"WebSite\",\"@id\":\"https:\/\/lalaiterie81.com\/#website\",\"url\":\"https:\/\/lalaiterie81.com\/\",\"name\":\"La Laiterie - Fabrique artistique et culturelle\",\"description\":\"Fabrique artistique et culture\",\"publisher\":{\"@id\":\"https:\/\/lalaiterie81.com\/#organization\"},\"potentialAction\":[{\"@type\":\"SearchAction\",\"target\":{\"@type\":\"EntryPoint\",\"urlTemplate\":\"https:\/\/lalaiterie81.com\/?s={search_term_string}\"},\"query-input\":{\"@type\":\"PropertyValueSpecification\",\"valueRequired\":true,\"valueName\":\"search_term_string\"}}],\"inLanguage\":\"fr-FR\"},{\"@type\":\"Organization\",\"@id\":\"https:\/\/lalaiterie81.com\/#organization\",\"name\":\"La Laiterie\",\"url\":\"https:\/\/lalaiterie81.com\/\",\"logo\":{\"@type\":\"ImageObject\",\"inLanguage\":\"fr-FR\",\"@id\":\"https:\/\/lalaiterie81.com\/#\/schema\/logo\/image\/\",\"url\":\"https:\/\/lalaiterie81.com\/wp-content\/uploads\/2022\/11\/LOGO-noir-text.png\",\"contentUrl\":\"https:\/\/lalaiterie81.com\/wp-content\/uploads\/2022\/11\/LOGO-noir-text.png\",\"width\":689,\"height\":666,\"caption\":\"La Laiterie\"},\"image\":{\"@id\":\"https:\/\/lalaiterie81.com\/#\/schema\/logo\/image\/\"},\"sameAs\":[\"https:\/\/www.facebook.com\/assolalaiterie\"]},{\"@type\":\"Person\",\"@id\":\"https:\/\/lalaiterie81.com\/#\/schema\/person\/2e1707293952870669c1ed0fce4336e6\",\"name\":\"benlautard\",\"image\":{\"@type\":\"ImageObject\",\"inLanguage\":\"fr-FR\",\"@id\":\"https:\/\/lalaiterie81.com\/#\/schema\/person\/image\/\",\"url\":\"https:\/\/secure.gravatar.com\/avatar\/cd069d5baace630d0bc6403d1361a0cde08082b64d1edbabe652ef03513e2ec8?s=96&d=mm&r=g\",\"contentUrl\":\"https:\/\/secure.gravatar.com\/avatar\/cd069d5baace630d0bc6403d1361a0cde08082b64d1edbabe652ef03513e2ec8?s=96&d=mm&r=g\",\"caption\":\"benlautard\"},\"url\":\"https:\/\/lalaiterie81.com\/index.php\/author\/benlautard\/\"}]}<\/script>\n<!-- \/ Yoast SEO plugin. -->","yoast_head_json":{"title":"Apple Fizz trio vocal-th\u00e9\u00e2tral et Fruitier le vendredi 3 avril - La laiterie","robots":{"index":"index","follow":"follow","max-snippet":"max-snippet:-1","max-image-preview":"max-image-preview:large","max-video-preview":"max-video-preview:-1"},"canonical":"https:\/\/lalaiterie81.com\/index.php\/2026\/03\/13\/apple-fizz-trio-vocal-theatral-et-fruitier-le-vendredi-3-avril\/","og_locale":"fr_FR","og_type":"article","og_title":"Apple Fizz trio vocal-th\u00e9\u00e2tral et Fruitier le vendredi 3 avril - La laiterie","og_description":"Apple Fizz : Un Trio Vocal-Th\u00e9\u00e2tral et Fruitier le vendredi 3 avril \u00e0 19h \u2013 Prix...","og_url":"https:\/\/lalaiterie81.com\/index.php\/2026\/03\/13\/apple-fizz-trio-vocal-theatral-et-fruitier-le-vendredi-3-avril\/","og_site_name":"La laiterie","article_publisher":"https:\/\/www.facebook.com\/assolalaiterie","article_published_time":"2026-03-13T07:56:30+00:00","article_modified_time":"2026-03-13T07:56:51+00:00","og_image":[{"width":2048,"height":1871,"url":"https:\/\/lalaiterie81.com\/wp-content\/uploads\/2026\/03\/Apple-Fizz-11.jpg","type":"image\/jpeg"}],"author":"benlautard","twitter_card":"summary_large_image","twitter_misc":{"\u00c9crit par":"benlautard","Dur\u00e9e de lecture estim\u00e9e":"1 minute"},"schema":{"@context":"https:\/\/schema.org","@graph":[{"@type":"Article","@id":"https:\/\/lalaiterie81.com\/index.php\/2026\/03\/13\/apple-fizz-trio-vocal-theatral-et-fruitier-le-vendredi-3-avril\/#article","isPartOf":{"@id":"https:\/\/lalaiterie81.com\/index.php\/2026\/03\/13\/apple-fizz-trio-vocal-theatral-et-fruitier-le-vendredi-3-avril\/"},"author":{"name":"benlautard","@id":"https:\/\/lalaiterie81.com\/#\/schema\/person\/2e1707293952870669c1ed0fce4336e6"},"headline":"Apple Fizz trio vocal-th\u00e9\u00e2tral et Fruitier le vendredi 3 avril","datePublished":"2026-03-13T07:56:30+00:00","dateModified":"2026-03-13T07:56:51+00:00","mainEntityOfPage":{"@id":"https:\/\/lalaiterie81.com\/index.php\/2026\/03\/13\/apple-fizz-trio-vocal-theatral-et-fruitier-le-vendredi-3-avril\/"},"wordCount":189,"publisher":{"@id":"https:\/\/lalaiterie81.com\/#organization"},"image":{"@id":"https:\/\/lalaiterie81.com\/index.php\/2026\/03\/13\/apple-fizz-trio-vocal-theatral-et-fruitier-le-vendredi-3-avril\/#primaryimage"},"thumbnailUrl":"https:\/\/lalaiterie81.com\/wp-content\/uploads\/2026\/03\/Apple-Fizz-11.jpg","articleSection":["Actualit\u00e9s"],"inLanguage":"fr-FR"},{"@type":"WebPage","@id":"https:\/\/lalaiterie81.com\/index.php\/2026\/03\/13\/apple-fizz-trio-vocal-theatral-et-fruitier-le-vendredi-3-avril\/","url":"https:\/\/lalaiterie81.com\/index.php\/2026\/03\/13\/apple-fizz-trio-vocal-theatral-et-fruitier-le-vendredi-3-avril\/","name":"Apple Fizz trio vocal-th\u00e9\u00e2tral et Fruitier le vendredi 3 avril - La laiterie","isPartOf":{"@id":"https:\/\/lalaiterie81.com\/#website"},"primaryImageOfPage":{"@id":"https:\/\/lalaiterie81.com\/index.php\/2026\/03\/13\/apple-fizz-trio-vocal-theatral-et-fruitier-le-vendredi-3-avril\/#primaryimage"},"image":{"@id":"https:\/\/lalaiterie81.com\/index.php\/2026\/03\/13\/apple-fizz-trio-vocal-theatral-et-fruitier-le-vendredi-3-avril\/#primaryimage"},"thumbnailUrl":"https:\/\/lalaiterie81.com\/wp-content\/uploads\/2026\/03\/Apple-Fizz-11.jpg","datePublished":"2026-03-13T07:56:30+00:00","dateModified":"2026-03-13T07:56:51+00:00","breadcrumb":{"@id":"https:\/\/lalaiterie81.com\/index.php\/2026\/03\/13\/apple-fizz-trio-vocal-theatral-et-fruitier-le-vendredi-3-avril\/#breadcrumb"},"inLanguage":"fr-FR","potentialAction":[{"@type":"ReadAction","target":["https:\/\/lalaiterie81.com\/index.php\/2026\/03\/13\/apple-fizz-trio-vocal-theatral-et-fruitier-le-vendredi-3-avril\/"]}]},{"@type":"ImageObject","inLanguage":"fr-FR","@id":"https:\/\/lalaiterie81.com\/index.php\/2026\/03\/13\/apple-fizz-trio-vocal-theatral-et-fruitier-le-vendredi-3-avril\/#primaryimage","url":"https:\/\/lalaiterie81.com\/wp-content\/uploads\/2026\/03\/Apple-Fizz-11.jpg","contentUrl":"https:\/\/lalaiterie81.com\/wp-content\/uploads\/2026\/03\/Apple-Fizz-11.jpg","width":2048,"height":1871},{"@type":"BreadcrumbList","@id":"https:\/\/lalaiterie81.com\/index.php\/2026\/03\/13\/apple-fizz-trio-vocal-theatral-et-fruitier-le-vendredi-3-avril\/#breadcrumb","itemListElement":[{"@type":"ListItem","position":1,"name":"Accueil","item":"https:\/\/lalaiterie81.com\/"},{"@type":"ListItem","position":2,"name":"Apple Fizz trio vocal-th\u00e9\u00e2tral et Fruitier le vendredi 3 avril"}]},{"@type":"WebSite","@id":"https:\/\/lalaiterie81.com\/#website","url":"https:\/\/lalaiterie81.com\/","name":"La Laiterie - Fabrique artistique et culturelle","description":"Fabrique artistique et culture","publisher":{"@id":"https:\/\/lalaiterie81.com\/#organization"},"potentialAction":[{"@type":"SearchAction","target":{"@type":"EntryPoint","urlTemplate":"https:\/\/lalaiterie81.com\/?s={search_term_string}"},"query-input":{"@type":"PropertyValueSpecification","valueRequired":true,"valueName":"search_term_string"}}],"inLanguage":"fr-FR"},{"@type":"Organization","@id":"https:\/\/lalaiterie81.com\/#organization","name":"La Laiterie","url":"https:\/\/lalaiterie81.com\/","logo":{"@type":"ImageObject","inLanguage":"fr-FR","@id":"https:\/\/lalaiterie81.com\/#\/schema\/logo\/image\/","url":"https:\/\/lalaiterie81.com\/wp-content\/uploads\/2022\/11\/LOGO-noir-text.png","contentUrl":"https:\/\/lalaiterie81.com\/wp-content\/uploads\/2022\/11\/LOGO-noir-text.png","width":689,"height":666,"caption":"La Laiterie"},"image":{"@id":"https:\/\/lalaiterie81.com\/#\/schema\/logo\/image\/"},"sameAs":["https:\/\/www.facebook.com\/assolalaiterie"]},{"@type":"Person","@id":"https:\/\/lalaiterie81.com\/#\/schema\/person\/2e1707293952870669c1ed0fce4336e6","name":"benlautard","image":{"@type":"ImageObject","inLanguage":"fr-FR","@id":"https:\/\/lalaiterie81.com\/#\/schema\/person\/image\/","url":"https:\/\/secure.gravatar.com\/avatar\/cd069d5baace630d0bc6403d1361a0cde08082b64d1edbabe652ef03513e2ec8?s=96&d=mm&r=g","contentUrl":"https:\/\/secure.gravatar.com\/avatar\/cd069d5baace630d0bc6403d1361a0cde08082b64d1edbabe652ef03513e2ec8?s=96&d=mm&r=g","caption":"benlautard"},"url":"https:\/\/lalaiterie81.com\/index.php\/author\/benlautard\/"}]}},"_links":{"self":[{"href":"https:\/\/lalaiterie81.com\/index.php\/wp-json\/wp\/v2\/posts\/15198","targetHints":{"allow":["GET"]}}],"collection":[{"href":"https:\/\/lalaiterie81.com\/index.php\/wp-json\/wp\/v2\/posts"}],"about":[{"href":"https:\/\/lalaiterie81.com\/index.php\/wp-json\/wp\/v2\/types\/post"}],"author":[{"embeddable":true,"href":"https:\/\/lalaiterie81.com\/index.php\/wp-json\/wp\/v2\/users\/5"}],"replies":[{"embeddable":true,"href":"https:\/\/lalaiterie81.com\/index.php\/wp-json\/wp\/v2\/comments?post=15198"}],"version-history":[{"count":1,"href":"https:\/\/lalaiterie81.com\/index.php\/wp-json\/wp\/v2\/posts\/15198\/revisions"}],"predecessor-version":[{"id":15200,"href":"https:\/\/lalaiterie81.com\/index.php\/wp-json\/wp\/v2\/posts\/15198\/revisions\/15200"}],"wp:featuredmedia":[{"embeddable":true,"href":"https:\/\/lalaiterie81.com\/index.php\/wp-json\/wp\/v2\/media\/15199"}],"wp:attachment":[{"href":"https:\/\/lalaiterie81.com\/index.php\/wp-json\/wp\/v2\/media?parent=15198"}],"wp:term":[{"taxonomy":"category","embeddable":true,"href":"https:\/\/lalaiterie81.com\/index.php\/wp-json\/wp\/v2\/categories?post=15198"},{"taxonomy":"post_tag","embeddable":true,"href":"https:\/\/lalaiterie81.com\/index.php\/wp-json\/wp\/v2\/tags?post=15198"}],"curies":[{"name":"wp","href":"https:\/\/api.w.org\/{rel}","templated":true}]}}